{"id":501,"date":"2022-04-12T08:00:00","date_gmt":"2022-04-12T06:00:00","guid":{"rendered":"http:\/\/www.lpcpuget.com\/?p=501"},"modified":"2022-04-11T11:55:31","modified_gmt":"2022-04-11T09:55:31","slug":"puget-fete-le-fil-2022-patou-et-des-poussieres","status":"publish","type":"post","link":"http:\/\/www.lpcpuget.com\/?p=501","title":{"rendered":"Puget F\u00eate le Fil 2022 : Patou et des poussi\u00e8res"},"content":{"rendered":"\n<p>Pour cette \u00e9dition 2022 de Puget F\u00eate le Fil, vous pourrez renconter Patricia sp\u00e9cialis\u00e9e dans la broderie traditionnelle.<\/p>\n\n\n\n<figure class=\"wp-block-image size-full\"><img loading=\"lazy\" decoding=\"async\" width=\"921\" height=\"597\" src=\"http:\/\/www.lpcpuget.com\/wp-content\/uploads\/2022\/04\/patou_et_des_poussieres.png\" alt=\"\" class=\"wp-image-502\" srcset=\"http:\/\/www.lpcpuget.com\/wp-content\/uploads\/2022\/04\/patou_et_des_poussieres.png 921w, http:\/\/www.lpcpuget.com\/wp-content\/uploads\/2022\/04\/patou_et_des_poussieres-300x194.png 300w, http:\/\/www.lpcpuget.com\/wp-content\/uploads\/2022\/04\/patou_et_des_poussieres-768x498.png 768w\" sizes=\"auto, (max-width: 921px) 100vw, 921px\" \/><\/figure>\n\n\n\n<p>Cr\u00e9atrice depuis plus de 10 ans, Patricia r\u00e9alise de la broderie traditionnelle ainsi que de la broderie aux rubans de soie, rubans qu&rsquo;elle teint pour la plupart elle-m\u00eame.<\/p>\n\n\n\n<p>Elle aime beaucoup les mod\u00e8le classiques et est une fan inconditionnelle du point de noeud et du point de poste. Elle essaie tout de m\u00eame de mettre de la modernit\u00e9 dans le classique, car d&rsquo;apr\u00e8s ses dires elle est rock and roll !!!<\/p>\n\n\n\n<p>En attendant de la rencontrer \u00e0 Puget sur Argens les 6 et 7 mai 2022, vous pouvez consulter sa <a rel=\"noreferrer noopener\" href=\"https:\/\/www.facebook.com\/Patou-et-des-poussi%C3%A8res-1580127915593679\" data-type=\"URL\" data-id=\"https:\/\/www.facebook.com\/Patou-et-des-poussi%C3%A8res-1580127915593679\" target=\"_blank\">Page Facebook<\/a> <\/p>\n","protected":false},"excerpt":{"rendered":"<p>Pour cette \u00e9dition 2022 de Puget F\u00eate le Fil, vous pourrez renconter Patricia sp\u00e9cialis\u00e9e dans la broderie traditionnelle. Cr\u00e9atrice depuis plus de 10 ans, Patricia r\u00e9alise de la broderie traditionnelle ainsi que de la broderie aux rubans de soie, rubans qu&rsquo;elle teint pour la plupart elle-m\u00eame. Elle aime beaucoup les mod\u00e8le classiques et est une [&hellip;]<\/p>\n","protected":false},"author":1,"featured_media":0,"comment_status":"open","ping_status":"open","sticky":false,"template":"","format":"standard","meta":{"footnotes":""},"categories":[5],"tags":[],"class_list":["post-501","post","type-post","status-publish","format-standard","hentry","category-les-createurs"],"post_mailing_queue_ids":[],"_links":{"self":[{"href":"http:\/\/www.lpcpuget.com\/index.php?rest_route=\/wp\/v2\/posts\/501","targetHints":{"allow":["GET"]}}],"collection":[{"href":"http:\/\/www.lpcpuget.com\/index.php?rest_route=\/wp\/v2\/posts"}],"about":[{"href":"http:\/\/www.lpcpuget.com\/index.php?rest_route=\/wp\/v2\/types\/post"}],"author":[{"embeddable":true,"href":"http:\/\/www.lpcpuget.com\/index.php?rest_route=\/wp\/v2\/users\/1"}],"replies":[{"embeddable":true,"href":"http:\/\/www.lpcpuget.com\/index.php?rest_route=%2Fwp%2Fv2%2Fcomments&post=501"}],"version-history":[{"count":1,"href":"http:\/\/www.lpcpuget.com\/index.php?rest_route=\/wp\/v2\/posts\/501\/revisions"}],"predecessor-version":[{"id":503,"href":"http:\/\/www.lpcpuget.com\/index.php?rest_route=\/wp\/v2\/posts\/501\/revisions\/503"}],"wp:attachment":[{"href":"http:\/\/www.lpcpuget.com\/index.php?rest_route=%2Fwp%2Fv2%2Fmedia&parent=501"}],"wp:term":[{"taxonomy":"category","embeddable":true,"href":"http:\/\/www.lpcpuget.com\/index.php?rest_route=%2Fwp%2Fv2%2Fcategories&post=501"},{"taxonomy":"post_tag","embeddable":true,"href":"http:\/\/www.lpcpuget.com\/index.php?rest_route=%2Fwp%2Fv2%2Ftags&post=501"}],"curies":[{"name":"wp","href":"https:\/\/api.w.org\/{rel}","templated":true}]}}