{"id":698,"date":"2026-04-15T14:15:08","date_gmt":"2026-04-15T12:15:08","guid":{"rendered":"http:\/\/www.lpcpuget.com\/?p=698"},"modified":"2026-04-21T20:45:22","modified_gmt":"2026-04-21T18:45:22","slug":"salon-puget-fete-le-fil-2026","status":"publish","type":"post","link":"http:\/\/www.lpcpuget.com\/?p=698","title":{"rendered":"Salon Puget F\u00eate le Fil 2026"},"content":{"rendered":"\n<p class=\"has-medium-font-size\">Bonjour \u00e0 toutes et tous,<\/p>\n\n\n\n<p class=\"has-medium-font-size\">Notre salon \u00ab\u00a0Puget F\u00eate le Fil\u00a0\u00bb arrive \u00e0 grands pas. Il aura lieu comme d&rsquo;habitude, \u00e0 l&rsquo;Espace Victor Hugo de Puget sur Argens les 8 et 9 Mai 2026.<\/p>\n\n\n<div class=\"wp-block-image\">\n<figure class=\"aligncenter size-full is-resized\"><img loading=\"lazy\" decoding=\"async\" width=\"508\" height=\"712\" src=\"http:\/\/www.lpcpuget.com\/wp-content\/uploads\/2026\/03\/2026_Salon_affiche_web.jpg\" alt=\"\" class=\"wp-image-699\" style=\"width:334px;height:auto\" srcset=\"http:\/\/www.lpcpuget.com\/wp-content\/uploads\/2026\/03\/2026_Salon_affiche_web.jpg 508w, http:\/\/www.lpcpuget.com\/wp-content\/uploads\/2026\/03\/2026_Salon_affiche_web-214x300.jpg 214w\" sizes=\"auto, (max-width: 508px) 100vw, 508px\" \/><\/figure>\n<\/div>\n\n\n<p class=\"has-medium-font-size\">Apr\u00e8s une ann\u00e9e sans faire le Salon nous sommes tr\u00e8s content de pouvoir vous donner rendez vous \u00e0 notre manifestation. Vous allez pouvoir d\u00e9couvrir les exposants qui seront pr\u00e9sents cette ann\u00e9e.<\/p>\n\n\n\n<p class=\"has-medium-font-size\">Voila la liste compl\u00e8te des exposants qui seront pr\u00e9sents durant ces 2 jours : <\/p>\n\n\n\n<ul class=\"wp-block-list has-medium-font-size\">\n<li><strong>Au Plaisir du Patchwork<\/strong> (Marie Antoinette Tardy)<\/li>\n\n\n\n<li><strong>Boul&rsquo;2 pik<\/strong> (Fr\u00e9d\u00e9rique Piazzotto)<\/li>\n\n\n\n<li><strong>Caroline Parrini Design<\/strong> (Caroline Parrini)<\/li>\n\n\n\n<li><strong>Charline Segala<\/strong><\/li>\n\n\n\n<li><strong>Dentelle et Popeline<\/strong> (Line Pleche)<\/li>\n\n\n\n<li><strong>Fil&rsquo;Anthrope Broderie<\/strong> (Christelle Petiot Gontier)<\/li>\n\n\n\n<li><strong>JeCr\u00e9eenFil <\/strong>(Dominique Bauduin)<\/li>\n\n\n\n<li><strong>Joli Tambour Cr\u00e9ation<\/strong> (Carole Djiane)<\/li>\n\n\n\n<li><strong>La Bigourello<\/strong> (Odile Hily)<\/li>\n\n\n\n<li><strong>Le Chat Gris C\u00e9ramiques<\/strong> (Laure L\u00e9v\u00eaque)<\/li>\n\n\n\n<li><strong>Atelier des F\u00e9es Brodeuses<\/strong> (Marie Le Gouis)<\/li>\n\n\n\n<li><strong>Les Secrets de Marie<\/strong> (Marie-Claude Iperti)<\/li>\n\n\n\n<li><strong>Lin Pulsion<\/strong> (Pili Campoy)<\/li>\n\n\n\n<li><strong>ManuCr\u00e9a<\/strong> (Emmanuelle Gautier)<\/li>\n\n\n\n<li><strong>Mercerie Jbart Cr\u00e9ations<\/strong> (Josiane Bonnel)<\/li>\n\n\n\n<li><strong>Motifs et Couleurs<\/strong> (Marie-Christine liberi)<\/li>\n\n\n\n<li><strong>Patchwork en Folie<\/strong> (V\u00e9ronique Marrel)<\/li>\n\n\n\n<li><strong>R\u00eave de Souris<\/strong> (V\u00e9ronique Urban)<\/li>\n\n\n\n<li><strong>Roule ma Poule<\/strong> (Caroline Kleinheny)<\/li>\n\n\n\n<li><strong>SarahPatch<\/strong> (Vanessa Girard)<\/li>\n\n\n\n<li><strong>TokataPatch<\/strong> (Elisabeth Kouji)<\/li>\n\n\n\n<li><strong>Zak&rsquo;artone<\/strong> (Souhila Boumedine)<\/li>\n\n\n\n<li><strong>Annie et Jean-Marie Rabourdin<\/strong><\/li>\n\n\n\n<li class=\"has-medium-font-size\"><strong>Sylvie Caron<\/strong><\/li>\n<\/ul>\n\n\n\n<p class=\"has-medium-font-size\">A tr\u00e8s bient\u00f4t pour le salon o\u00f9 vous pourrez d\u00e9couvrir tous les exposants.<\/p>\n\n\n\n<p><\/p>\n","protected":false},"excerpt":{"rendered":"<p>Bonjour \u00e0 toutes et tous, Notre salon \u00ab\u00a0Puget F\u00eate le Fil\u00a0\u00bb arrive \u00e0 grands pas. Il aura lieu comme d&rsquo;habitude, \u00e0 l&rsquo;Espace Victor Hugo de Puget sur Argens les 8 et 9 Mai 2026. Apr\u00e8s une ann\u00e9e sans faire le Salon nous sommes tr\u00e8s content de pouvoir vous donner rendez vous \u00e0 notre manifestation. Vous [&hellip;]<\/p>\n","protected":false},"author":1,"featured_media":0,"comment_status":"open","ping_status":"open","sticky":false,"template":"","format":"standard","meta":{"footnotes":""},"categories":[3],"tags":[],"class_list":["post-698","post","type-post","status-publish","format-standard","hentry","category-nos-rendez-vous"],"post_mailing_queue_ids":[],"_links":{"self":[{"href":"http:\/\/www.lpcpuget.com\/index.php?rest_route=\/wp\/v2\/posts\/698","targetHints":{"allow":["GET"]}}],"collection":[{"href":"http:\/\/www.lpcpuget.com\/index.php?rest_route=\/wp\/v2\/posts"}],"about":[{"href":"http:\/\/www.lpcpuget.com\/index.php?rest_route=\/wp\/v2\/types\/post"}],"author":[{"embeddable":true,"href":"http:\/\/www.lpcpuget.com\/index.php?rest_route=\/wp\/v2\/users\/1"}],"replies":[{"embeddable":true,"href":"http:\/\/www.lpcpuget.com\/index.php?rest_route=%2Fwp%2Fv2%2Fcomments&post=698"}],"version-history":[{"count":19,"href":"http:\/\/www.lpcpuget.com\/index.php?rest_route=\/wp\/v2\/posts\/698\/revisions"}],"predecessor-version":[{"id":727,"href":"http:\/\/www.lpcpuget.com\/index.php?rest_route=\/wp\/v2\/posts\/698\/revisions\/727"}],"wp:attachment":[{"href":"http:\/\/www.lpcpuget.com\/index.php?rest_route=%2Fwp%2Fv2%2Fmedia&parent=698"}],"wp:term":[{"taxonomy":"category","embeddable":true,"href":"http:\/\/www.lpcpuget.com\/index.php?rest_route=%2Fwp%2Fv2%2Fcategories&post=698"},{"taxonomy":"post_tag","embeddable":true,"href":"http:\/\/www.lpcpuget.com\/index.php?rest_route=%2Fwp%2Fv2%2Ftags&post=698"}],"curies":[{"name":"wp","href":"https:\/\/api.w.org\/{rel}","templated":true}]}}